{"id":1190,"date":"2018-01-17T11:57:34","date_gmt":"2018-01-17T10:57:34","guid":{"rendered":"https:\/\/gruenesblut.net\/?p=1190"},"modified":"2018-08-10T17:23:15","modified_gmt":"2018-08-10T15:23:15","slug":"what-i-really-love-about-gardens-is-that-you-create-something-that-keeps-growing-and-developing","status":"publish","type":"post","link":"https:\/\/gruenesblut.net\/en\/what-i-really-love-about-gardens-is-that-you-create-something-that-keeps-growing-and-developing\/","title":{"rendered":"&#8220;What I really love about gardens, is that you create something that keeps growing and developing.&#8221;"},"content":{"rendered":"<h3 class=\"p1\" style=\"text-align: center;\"><span class=\"s1\"><b>GR\u00dcNES BLUT<\/b><\/span><span class=\"s2\"> met with the former Hessian Garden Director, Dr Bernd Modrow, in his garden on the island of Usedom, which has become his home after his retirement a few years ago.<\/span><\/h3>\n<hr \/>\n<p class=\"p1 twocolumn\"><span style=\"color: #808000;\">It was through Dr. Modrow that my heart turned green. I was already quite in love with gardens when he became my first contact in the garden world. At that time, as former garden director of the <a href=\"https:\/\/www.schloesser-hessen.de\/startseite.html\" target=\"_blank\" rel=\"noopener\"><span style=\"text-decoration: underline;\">Verwaltung staatlicher<span class=\"s4\">\u00a0Schl\u00f6sser und G\u00e4rten Hessen<\/span><\/span>,<\/a> he presented courses on garden design at the <a href=\"http:\/\/www.goethe-university-frankfurt.de\/en?locale=en\" target=\"_blank\" rel=\"noopener\"><span style=\"text-decoration: underline;\"><span class=\"s4\"><i>Goethe-Universit\u00e4t<\/i><\/span> in Frankfurt am Main<\/span><\/a>. He inspired me to pursue a qualification in horticulture, which I then did parallel to my other studies. This all happened ten years ago, so I was very excited that, after such a long time, he was still willing to participate in my &#8220;Gr\u00fcnes Blut&#8221; project.<\/span><br \/>\n<span style=\"color: #808000;\"> Before we start the interview, we decide to make use of the lovely autumn weather and take a walk through his garden. I have been quite curious about what a garden director would plan and lay out in his own garden. The basic principle he followed was to create the look of a landscape garden and to use his plantings as a backdrop which extend the 130m long x 30m wide plot of land. <\/span><br \/>\n<span style=\"color: #808000;\"> As we walk through the garden, it becomes evident that Dr. Modrow attaches a high emotional value to the shrubs in his garden.<span class=\"Apple-converted-space\">\u00a0<\/span>He once impulsively bought 100 small box tree plants and transplanted them in a bed at the bottom of his garden.<span class=\"Apple-converted-space\">\u00a0 <\/span>His four mulberry trees were a gift from <a href=\"https:\/\/translate.google.de\/translate?hl=en&amp;sl=de&amp;u=https:\/\/de.wikipedia.org\/wiki\/Michael_Seiler&amp;prev=search\" target=\"_blank\" rel=\"noopener\"><span style=\"text-decoration: underline;\"><span class=\"s4\">Dr. Michael Seiler<\/span><\/span>,<\/a> the former garden director of the <a href=\"https:\/\/www.spsg.de\/en\/home\/\" target=\"_blank\" rel=\"noopener\"><span style=\"text-decoration: underline;\">Stiftung Preu\u00dfischer Schl\u00f6sser und G\u00e4rten<\/span><\/a>. The two pine trees next to his small, yet impressive, orangery, were rescued one winters day when he found them hanging by a few remaining roots from a Bansin cliff. In 2 different spots, alluding to the myth of <a href=\"https:\/\/en.wikipedia.org\/wiki\/Baucis_and_Philemon\" target=\"_blank\" rel=\"noopener\"><span style=\"text-decoration: underline;\">Philemon and Baucis<\/span><\/a>, he has planted an oak tree beside a linden tree. He expertly informs me on the growth progress of weeping willows, larch and pine trees and while he&#8217;s talking, I begin to realise I would love to still be marvelling at and appreciating such seemingly small things at his age.<\/span><br \/>\n<span style=\"color: #808000;\"> We have our interview in the orangery, seated in front of the monumental wall, which Dr. Modrow jokingly refers to as &#8220;his memorial&#8221;. From here, he says, you have the best view of the garden.<\/span><\/p>\n<p class=\"p2\"><span class=\"s5\"><b>GB: <\/b><\/span><i>What has it been that has kept you fascinated in gardens \u2013 in theory and practice \u2013 through all your years in the field?<\/i><\/p>\n<p><i> <\/i><span class=\"s5\"><b>BM:<\/b><\/span> (thinking it over) What I really love about gardens, is that you create something that keeps growing and developing. It&#8217;s not static, and I can influence or even predetermine the future development. Much of it does not, however, turn out exactly how I would have liked, but I always find it exciting, and often suspenseful, to wait and see how the garden, the plants and the plant community develop. It\u2019s a very pleasing experience to follow this process, which I can do in my own garden now that I have the time. I&#8217;m constantly looking at my plants and checking whether they&#8217;re growing or not. Gardens are alive. They&#8217;re simply exciting.<\/p>\n<p><span class=\"s5\"><b>GB:<\/b><\/span><i> And do you also see a garden as an expression of a unique personality?<\/i><\/p>\n<p><span class=\"s5\"><b>BM:<\/b> <\/span>Definitely! A garden and a gardener form a unit, a symbiosis. That&#8217;s why it was always <span class=\"s6\">important<\/span> to me to see the gardener responsible for each garden staying involved with it for as long as possible to ensure a continuity over many years. If you only have a maintenance group rushing through the garden, mowing lawns and pruning hedges and so on, the garden will never develop its special personality or unique character.<\/p>\n<blockquote>\n<p class=\"p2\">I have learnt that one of the best ways and times to get to know a garden is by walking through it alone on a rainy winter morning &#8230;<\/p>\n<\/blockquote>\n<p class=\"p2\"><span class=\"s5\"><b>GB:<\/b><\/span><i> Do you mean by this that you need to have walked down a garden path five, ten or a hundred times before you could understand that area of the garden?<\/i><\/p>\n<p><span class=\"s5\"><b>BM:<\/b><\/span> Without a doubt. In order to understand a garden it&#8217;s important to know something about its history. But if you know absolutely nothing about it, you can hardly get a feel for the garden after one quick walk through it. You have to go down each path more often to experience the unique character. And, what&#8217;s more, your experience depends on the season and, of course, on the time of day.<span class=\"Apple-converted-space\">\u00a0<\/span>I have learnt that one of the best ways and times to get to know a garden is by walking through it alone on a rainy winter morning, with or without an umbrella. There are no leaves and you can see the structure of the whole garden. You don&#8217;t get distracted by noises or other people and you can look through everywhere.<span class=\"Apple-converted-space\">\u00a0<\/span>So: in the rain, in winter!<\/p>\n<p><span class=\"s5\"><b>GB:<\/b> <\/span><i> Sounds inviting. Then now is the perfect time for a garden excursion.<\/i><\/p>\n<p><span class=\"s5\"><b>BM:<\/b><\/span> Yes, this is how I got to know <a href=\"https:\/\/en.wikipedia.org\/wiki\/Sch\u00f6nbusch_(Aschaffenburg)\" target=\"_blank\" rel=\"noopener\"><span style=\"text-decoration: underline;\"><span class=\"s4\">Park Sch\u00f6nbusch<\/span><\/span><\/a> in Aschaffenburg, for example. It was a day like this, when I was there on the first of May.<\/p>\n<p><span class=\"s5\"><b>GB: <\/b><\/span><i>When you started out as garden director in the early 1980s many of the facilities of the VSG (<\/i><span class=\"s8\"><i>Verwaltung staatlicher Schl\u00f6sser und G\u00e4rten Hessen<\/i><\/span><i> \u2013 Hessian Palace and Garden Administration) were in a very rudimentary condition. What was the overall situation in the beginning?<\/i><\/p>\n<p><span class=\"s5\"><b>BM:<\/b><\/span> Rudimentary condition is probably not applicable. The public saw and used the historic gardens as &#8220;nice&#8221; green spaces. What this implies, I will explain later. Dr. Hoffman was the previous garden director, but the position had been vacant for several years while the work was temporarily taken over by a staff member. <a href=\"https:\/\/translate.google.de\/translate?hl=en&amp;sl=de&amp;u=https:\/\/de.wikipedia.org\/wiki\/Dieter_Hennebo&amp;prev=search\" target=\"_blank\" rel=\"noopener\"><span style=\"text-decoration: underline;\"><span class=\"s4\">Dieter Hennebo<\/span><\/span><\/a> and <span class=\"s4\">Alfred Hoffmann<\/span> , the garden design experts, were a highly valuable team. So, together with my research colleague who started out in the <em>VSG<\/em> a month before me, I had big shoes to fill. Due to the long vacancy, a few things had changed and this made everything a bit of an adventure. There was no office, the plans were somewhere on some heap and the files, records and other documents were kept in a state of some disorder.<span class=\"Apple-converted-space\">\u00a0<\/span>When we looked for documents about gardens, we were repeatedly told there was nothing available.<span class=\"Apple-converted-space\">\u00a0<\/span>As a result, we tried to find out more about the gardens and when we started working with the regional offices, we found that we could usually find something in the archives, even though everything had supposedly been destroyed by fire during the war.<br \/>\nWe tackled the work systematically by creating and developing park preservation programmes. A plan room was built, enabling us to purposefully collect archived documents.<\/p>\n<figure id=\"attachment_1212\" aria-describedby=\"caption-attachment-1212\" style=\"width: 640px\" class=\"wp-caption alignnone\"><img loading=\"lazy\" class=\"wp-image-1212 size-full\" src=\"https:\/\/gruenesblut.net\/wp-content\/uploads\/2017\/12\/dsc_0398.jpeg\" alt=\"\" width=\"640\" height=\"425\" \/><figcaption id=\"caption-attachment-1212\" class=\"wp-caption-text\">The Pond<\/figcaption><\/figure>\n<p><span class=\"s5\"><b>GB:<\/b><\/span><i> In what kind of state was the monument preservation when you started out in that office?<\/i><\/p>\n<p><span class=\"s5\"><b>BM:<\/b> <\/span> When I started in the 1980s, we were looking back at more creative and inventive methods of monument preservation. The <a href=\"https:\/\/translate.google.de\/translate?hl=en&amp;sl=de&amp;u=http:\/\/www.kuechengarten.net\/index.php%3Fcontent%3D05gaerten%26sub%3DSeligenstadt&amp;prev=search\" target=\"_blank\" rel=\"noopener\"><span style=\"text-decoration: underline;\"><span class=\"s4\">monastery gardens at Seligenstadt<\/span><\/span><\/a> and the <a href=\"https:\/\/translate.google.de\/translate?hl=en&amp;sl=de&amp;u=https:\/\/www.darmstadt.de\/darmstadt-erleben\/sehenswuerdigkeiten\/parks-und-gaerten\/prinz-georgs-garten\/&amp;prev=search\" target=\"_blank\" rel=\"noopener\"><span style=\"text-decoration: underline;\"><span class=\"s4\">Prinz-Georg-Garten<\/span><\/span><\/a> in Darmstadt, for example, had been laid out in a baroque style, which wasn&#8217;t really close to the original gardens.<span class=\"Apple-converted-space\">\u00a0 <\/span>This, we found out when we started systematically researching the history of the facilities, which we also did when we implemented new park preservation programmes. The scientific preservation of historic gardens (<i>Gartendenkmalpflege<\/i>) entails using what is still available on the site while also leaning on the systematic research and analysis of old plans, documentation and descriptions.<\/p>\n<p><span class=\"s5\"><b>GB:<\/b><\/span><i> So, did they try and transfer a baroque ideal onto a garden area or garden at that time?<\/i><\/p>\n<p><span class=\"s5\"><b>BM:<\/b><\/span> As far as the use of plants is concerned, you could say so. They also tried to incorporate historic plantings, but eventually ended up adding begonias and plants from the DIY store, because &#8220;the visitors wanted something nice and colourful&#8221;. Building on the experiences of that time in <a href=\"http:\/\/www.schloss-schwetzingen.de\/en\/home\/\" target=\"_blank\" rel=\"noopener\"><span style=\"text-decoration: underline;\">Schwetzingen<\/span><\/a>, with its baroque parterre, and in Berlin, with its culture and presentation of old plants, our <i>Gartendenkmalpflege<\/i> developed to a stage where plants, belonging to the relevant time-period, could be cultivated and suitably presented.<\/p>\n<p><span class=\"s5\"><b>GB:<\/b><\/span><i> Was Gartendenkmalpflege still in its infancy after World War Two and was it only in your time that it developed into what we know it as today?<\/i><\/p>\n<p><span class=\"s5\"><b>BM:<\/b><\/span> Yes, exactly.<span class=\"Apple-converted-space\">\u00a0<\/span><i>Gartendenkmalpflege<\/i> based on historic sources was a relatively new concept and during the 1970s and 1980s was practiced mainly in West Berlin. After German reunification, we were very impressed by the <i>Gartendenkmalpflege<\/i> of the former GDR. Their garden preservation work had been institutionalised for many years. The thing that amazed me most, was the amount of knowledge available in every <i>Gartendenkmalpflege <\/i>institute and in the garden administrations of the large parks. Aside from practitioners, they had researchers who worked exclusively on processing the history of the respective gardens.<span class=\"Apple-converted-space\">\u00a0<\/span>It was also very significant, for example in <a href=\"https:\/\/en.wikipedia.org\/wiki\/Muskau_Park\" target=\"_blank\" rel=\"noopener\"><span style=\"text-decoration: underline;\"><span class=\"s4\">Bad Muskau<\/span><\/span>,<\/a> that new trees were planted in the same positions as old ones that were felled. I saw it as part of my task in the palace administration to get to know the theoretical history of each garden as soon as possible. How had the garden been established?<span class=\"Apple-converted-space\">\u00a0 <\/span>In what kind of state was society at the time it was laid out? How did it develop over time and what should it portray in future? Whatever I discovered, I tried to convey to the gardeners responsible for the respective locations.<\/p>\n<p><span class=\"s5\"><b>GB:<\/b><\/span><i> I seem to remember that they keep shoots of the individual trees in the <\/i><a href=\"https:\/\/en.wikipedia.org\/wiki\/Charlottenburg_Palace\" target=\"_blank\" rel=\"noopener\"><span style=\"text-decoration: underline;\"><span class=\"s4\"><i>Charlottenburg Palace garden<\/i><\/span><\/span><\/a><i> for when a tree might die at some point &#8230;.<\/i><\/p>\n<p><span class=\"s5\"><b>BM:<\/b><\/span> &#8230; so that they would already have their own clones. We often tried this in <a href=\"https:\/\/www.bad-homburg-tourismus.de\/en\/entdecken\/freizeit_schlosspark.htm\" target=\"_blank\" rel=\"noopener\"><span style=\"text-decoration: underline;\"><span class=\"s4\">Bad Homburg<\/span><\/span> <\/a>with the Lebanon cedars, but it never really worked. But we didn&#8217;t pursue it very intensively. We used to purchase our plants from nurseries and had our own nurseries in Kassel. We also had quarters for shrubs and perennials in the smaller parks.<\/p>\n<blockquote><p>It was my intention to establish these gardens, that were protected as monuments, as independent works of art in the eyes of the public.<\/p><\/blockquote>\n<p><span class=\"s5\"><b>GB:<\/b><\/span><i> What do you see as the product of Gartendenkmalpflege? Why is it important?<\/i><\/p>\n<p><span class=\"s5\"><b>BM:<\/b><\/span> At the start of my involvement, historic gardens were seen by the community mostly as green spaces that might possibly be available when a new street needed to be built or as a new construction area.<span class=\"Apple-converted-space\">\u00a0<\/span>Or they were popular as event locations. There used to be an annual riding tournament in <a href=\"https:\/\/www.wiesbaden.de\/microsite\/kongressallianz-en\/members\/congress-and-event-venues\/biebrich-palace.php\" target=\"_blank\" rel=\"noopener\"><span style=\"text-decoration: underline;\"><span class=\"s4\">Biebrich<\/span><\/span><\/a>, a park laid out by <a href=\"https:\/\/en.wikipedia.org\/wiki\/Friedrich_Ludwig_von_Sckell\" target=\"_blank\" rel=\"noopener\"><span style=\"text-decoration: underline;\"><span class=\"s4\">Friedrich Ludwig von Sckell<\/span><\/span><\/a>. The organisers of this event assumed they could simply help themselves to this area. It was my intention to establish these gardens, that were protected as monuments, as independent works of art in the eyes of the public. And as such they were not just available for any arbitrary use.<\/p>\n<p><span class=\"s5\"><b>GB:<\/b><\/span><i> Today historic gardens are occasionally used as temporary exhibition spaces for sculptures. In your opinion, does this enhance or reduce the value of the garden as an artwork?<\/i><\/p>\n<p><span class=\"s5\"><b>BM:<\/b><\/span> You\u2019re probably thinking of exhibitions such as those in the <a href=\"https:\/\/www.bad-homburg-tourismus.de\/en\/entdecken\/freizeit_kurpark.htm\" target=\"_blank\" rel=\"noopener\"><span style=\"text-decoration: underline;\">Bad Homburg spa gardens<\/span>,<\/a> where the park was designed by <a href=\"https:\/\/en.wikipedia.org\/wiki\/Peter_Joseph_Lenn\u00e9\" target=\"_blank\" rel=\"noopener\"><span style=\"text-decoration: underline;\"><span class=\"s4\">Lenn\u00e9<\/span><\/span><\/a>. The sculptures are placed in viewing angles as designed by Lenn\u00e9. The design principle behind Lenn\u00e9&#8217;s visual axes is to use a very specific terrain model to create a view or pictures which you can experience as you walk through the park. This is achieved through the choice of plants, sculptures and structures which act as components of the pictures. When a temporary exhibition is installed in these viewing axes, you need to be aware that it influences the form of the garden design.<span class=\"Apple-converted-space\">\u00a0<\/span>I see this as an intervention in the garden design.<br \/>\nI&#8217;d like to mention a provoking example. Nobody would tolerate it if a painter \u2013 no matter how accomplished \u2013 used a vivid, bright paint to temporarily change or add something on a valuable painting, e.g. a <a href=\"https:\/\/en.wikipedia.org\/wiki\/Rembrandt\" target=\"_blank\" rel=\"noopener\"><span style=\"text-decoration: underline;\"><span class=\"s4\">Rembrandt<\/span><\/span><\/a>, because he feels it represents the current artistic taste. This just goes to show that, in the eyes of the public, garden art or design has not yet gained full status as true art. I believe people are welcome to temporarily exhibit art objects if the locations are purposefully selected after carefully considering the staging concepts of the garden design.<\/p>\n<p class=\"p3\">Dr. Modrow, during our walk in his garden, in front of &#8220;Philemon and Baucis&#8221;. Those who have visited a garden with him, will know him exactly like this!<\/p>\n<p class=\"p2\"><span class=\"s5\"><b>GB:<\/b><\/span><i> You have been responsible for establishing Parkpflegewerk (park preservation) as a guideline for the preservation of historic parks in Hesse. After analysing historic horizons, there is a lot that becomes partially clearer. How do you know \u2013 in coordination with nature conservation, finance and local politics \u2013 which specific time should be reconstructed.<span class=\"Apple-converted-space\">\u00a0<\/span>It sounds tricky &#8230;<\/i><\/p>\n<p><span class=\"s5\"><b>BM:<\/b><\/span> We didn&#8217;t develop the instrument for <i>Parkpfegewerk<\/i>. It was already available in the GDR in the form of park preservation concepts and monument preservation objectives.<br \/>\nOne of the first of these concepts, written by Hennebo and W\u00f6rner, was for <a href=\"https:\/\/translate.google.de\/translate?hl=en&amp;sl=de&amp;u=https:\/\/www.tib.eu\/de\/suchen\/id\/TIBKAT%253A017685729\/Parkpflegewerk-f%25C3%25BCr-den-Park-des-Schlosses-Nordkirchen\/&amp;prev=search\" target=\"_blank\" rel=\"noopener\"><span style=\"text-decoration: underline;\"><span class=\"s4\">Nordkirchen<\/span><\/span><\/a>. Our first plan was the preservation of the Biebrich park, for which we developed a <i>Parkpflegewerk.<\/i> We started a detailed analysis of the object. Then we had to work out the history of the site to further improve the immediate condition and to provide a picture of the future development of the park.<span class=\"Apple-converted-space\">\u00a0 <\/span>Changes in design are not made arbitrarily, they are subject to specific, reasonable goals. Our <i>Parkpflegewerk <\/i>has stood the test of time in terms of goal setting as well as research. During each administration period, we always tried to have the relevant Minister write the foreword to these <i>Parkpflegewerke<\/i>. This politically safeguarded our <i>Parkpflegewerk <\/i>as an instrument and it also made it easier to secure funding for implementation. The conservation goal itself is derived from history. For example, you might have to judge whether a wedding at the park was the last blossoming of the development. Determining the specific time frame depends, in turn, on the current <i>Zeitgeist<\/i>.<span class=\"Apple-converted-space\">\u00a0<\/span>It becomes a process of weighing up the preservation contexts. Of course, there also needs to be dialogue with the public, who mostly don&#8217;t want changes. Public initiatives can be an added challenge, making it necessary to engage in educational work.<\/p>\n<blockquote>\n<p class=\"p2\">For young people to become something in life, those that are older need to start stepping aside.<\/p>\n<\/blockquote>\n<p class=\"p2\"><span class=\"s5\"><b>GB:<\/b><\/span><i> Do you have a concrete example of this from your professional life?<\/i><\/p>\n<p><span class=\"s5\"><b>BM:<\/b><\/span> I am reminded of, for example, the chestnut trees in front of the Bad Homburg castle. They used to be heavily pruned and the cut surfaces were filled with concrete and held metal bins. Then the tops started rotting, threatening to break off large parts of the trees. The time came in the 1990s when we had to decide whether it was sensible to continue patching up or whether a new planting would be better. After consultation with the nature conservation and monument preservation bodies, we decided on a new planting. Members of the public who then started protesting, were included in the decision process. I emphasized that it was important, and it was our responsibility to the future generations, that we plant new trees. The same principle applies to people. For young people to become something in life, those that are older need to start stepping aside.<\/p>\n<figure id=\"attachment_1211\" aria-describedby=\"caption-attachment-1211\" style=\"width: 640px\" class=\"wp-caption alignnone\"><img loading=\"lazy\" class=\"wp-image-1211 size-full\" src=\"https:\/\/gruenesblut.net\/wp-content\/uploads\/2017\/12\/dsc_0396.jpeg\" alt=\"\" width=\"640\" height=\"425\" \/><figcaption id=\"caption-attachment-1211\" class=\"wp-caption-text\">One of the seats in the garden, inviting you to linger.<\/figcaption><\/figure>\n<p class=\"p2\"><span class=\"s5\"><b>GB: <\/b><\/span><i>Which park you took care of do you identify with the most? Where does your heart lie?<\/i><\/p>\n<p><span class=\"s5\"><b>BM:<\/b><\/span> All the parks are important. Every garden has a unique and special character. The monastery garden at Seligenstadt, which is in an excellent condition, is quite unique as a formal park.<span class=\"Apple-converted-space\">\u00a0<\/span>Even up to today the very different <a href=\"https:\/\/translate.google.de\/translate?hl=en&amp;sl=de&amp;u=https:\/\/de.wikipedia.org\/wiki\/Staatspark_F%25C3%25BCrstenlager&amp;prev=search\" target=\"_blank\" rel=\"noopener\"><span style=\"text-decoration: underline;\"><span class=\"s4\">F\u00fcrstenlager<\/span><\/span> <\/a>displays a largely unaffected early English landscape garden. <a href=\"https:\/\/translate.google.de\/translate?hl=en&amp;sl=de&amp;u=https:\/\/de.wikipedia.org\/wiki\/Schloss_Weilburg&amp;prev=search\" target=\"_blank\" rel=\"noopener\"><span style=\"text-decoration: underline;\"><span class=\"s4\">Weilburg<\/span><\/span><\/a> is irreplaceable as a baroque park, with its wonderful selection of plants on the terraces, the orangeries and the <span class=\"s8\"><i>Geb\u00fcck zur Lahn<\/i><\/span>. Bad Homburg with its Lenn\u00e9-inspired landscape park, the baroque upper garden of its orangery and the tub plants, representing the time of the Prussian kings. Its ruins make the <a href=\"https:\/\/translate.google.de\/translate?hl=en&amp;sl=de&amp;u=https:\/\/de.wikipedia.org\/wiki\/Wilhelmsbad&amp;prev=search\" target=\"_blank\" rel=\"noopener\"><span style=\"text-decoration: underline;\"><span class=\"s4\">Wilhelmsbad landscape Park<\/span><\/span><\/a> truly unique. <a href=\"https:\/\/en.wikipedia.org\/wiki\/Karlsaue\" target=\"_blank\" rel=\"noopener\"><span style=\"text-decoration: underline;\"><span class=\"s4\">Karlsaue<\/span><\/span><\/a>, <a href=\"https:\/\/translate.google.de\/translate?hl=en&amp;sl=de&amp;u=http:\/\/www.museum-kassel.de\/de\/museen-schloesser-parks\/schlosspark-wilhelmsthal&amp;prev=search\" target=\"_blank\" rel=\"noopener\"><span style=\"text-decoration: underline;\"><span class=\"s4\">Wilhelmsthal<\/span><\/span><\/a> and <a href=\"https:\/\/en.wikipedia.org\/wiki\/Lorsch_Abbey\" target=\"_blank\" rel=\"noopener\"><span style=\"text-decoration: underline;\"><span class=\"s4\">Lorsch<\/span><\/span><\/a>, Biebrich &#8230;.. Every park has its own character and has certain elements that make it appealing.<br \/>\n<a href=\"https:\/\/en.wikipedia.org\/wiki\/Bergpark_Wilhelmsh\u00f6he\" target=\"_blank\" rel=\"noopener\"><span style=\"text-decoration: underline;\"><span class=\"s4\">Wilhelmsh\u00f6he<\/span><\/span><\/a> has been classified as a world heritage site, because of its magnificent garden design. I am proud that I had been involved for many years in the preparation and goal-setting.<\/p>\n<p><span class=\"s5\"><b>GB:<\/b><\/span><i> When I attended some of your lectures as a student, I used to get the impression that you had a special love for the Enlightenment period.<\/i><\/p>\n<p><span class=\"s5\"><b>BM:<\/b><\/span> Yes, I have always been moved by the 18th century and its landscape gardens. But I do still encounter some strange statements. Recently I spoke to a couple \u2013 it was the other day in Potsdam. I asked them how they liked <a href=\"https:\/\/en.wikipedia.org\/wiki\/Sanssouci_Park\" target=\"_blank\" rel=\"noopener\"><span style=\"text-decoration: underline;\"><span class=\"s4\">Sanssouci<\/span><\/span><\/a>. They said the terraces were nice, but that nothing was happening in the other part \u2013 it wasn&#8217;t being maintained there at all! That was all they said and I realised many people are still under the impression that landscape gardens develop on their own, that there&#8217;s not that much to do in them. The plants grow by themselves, you occasionally need to mow the lawn then all will be done. I often explain that everything in a landscape garden is, in fact, artificially designed. Yet, the gardener\u2019s touch should be invisible. And a tree is not just planted anywhere but, in fact, in a precisely defined spot. I&#8217;m often astounded at the level of ignorance concerning garden design. Among my musician friends on this island and in Berlin it&#8217;s different, though. People here have a special affinity toward gardens.<span class=\"Apple-converted-space\">\u00a0<\/span>We often visit historic gardens and parks together. Just recently, we were in Wilhelmsh\u00f6he. Art, music and gardens can create a wonderful harmony, especially in landscape gardens, where feelings have meaning.<\/p>\n<p><span class=\"s5\"><b>GB:<\/b> <\/span><i> Do you think that in other countries, e.g. England or Holland they have a greater awareness of gardens?<\/i><\/p>\n<p><b>BM:<\/b> It is said that people in England have different feelings toward gardens. Perhaps this is because of the <a href=\"https:\/\/www.nationaltrust.org.uk\/\" target=\"_blank\" rel=\"noopener\"><span style=\"text-decoration: underline;\">National Trust<\/span><\/a>. The previously private gardens and parks have been excellently maintained and restored as garden monuments. The climate surely also plays a role. I am not familiar with Holland. In France and Italy, it is usually the more educated and affluent class that are interested in garden design. Two years ago, I was in France and I was invited to a gathering hosted by a private person who owned a renaissance castle and terraced garden. I was surprised at how many private persons in France, Italy and Spain owned castles and gardens which are not accessible to the public. I believe this is one reason why there is such a lack of interest in gardens among less privileged people in those countries. When I started my work in Bad Homburg, I thought the garden design and <i>Gartendenkmalpflege<\/i> in Germany was facing strong challenges. But now it has again become evident that monument preservation generally is not highly valued.<span class=\"Apple-converted-space\">\u00a0 <\/span>Today it is often regarded as an obstacle for many things. Mecklenburg-Vorpommern now only has a part-time position for the <i>Gartendenkmalpflege<\/i> of the entire state. (The same person then also works as a professor at the <span class=\"s4\">Neubrandenburg University<\/span>). This despite the host of landscape gardens, especially old <span class=\"s8\"><i>Gutsparks<\/i><\/span>, many of them dating back to Lenn\u00e9 and the <span class=\"s4\"><a href=\"https:\/\/translate.google.de\/translate?hl=en&amp;sl=de&amp;u=https:\/\/www.bad-homburg.de\/leben-in-bad-homburg\/umwelt-naturschutz\/landschaft-erholung\/kurpark\/Die_Gartenkuenstler.php&amp;prev=search\" target=\"_blank\" rel=\"noopener\"><span style=\"text-decoration: underline;\"> Lenn\u00e9-Meyer<\/span> <\/a>school<\/span>.<\/p>\n<p><span class=\"s5\" style=\"font-size: 1em;\"><b>GB:<\/b><\/span><i style=\"font-size: 1em;\"> Do you know how the Gartendenkmalpflege in Mecklenburg-Vorpommern is now organised?<span class=\"Apple-converted-space\">\u00a0 <\/span>Do they, for example, appoint landscape architects on a project basis?<\/i><\/p>\n<p><span class=\"s5\"><b>BM:<\/b> <\/span> After the German reunification, they also established a Schl\u00f6sser and Garten Verwaltung in this state.<span class=\"Apple-converted-space\">\u00a0<\/span>It is still being developed, with some employees who are qualified in garden design and monuments. Each person is responsible for his own objects, though. Planning contracts are awarded to independent landscape architects and garden landscaping companies. <a href=\"https:\/\/en.wikipedia.org\/wiki\/Ludwigslust_Palace\" target=\"_blank\" rel=\"noopener\"><span style=\"text-decoration: underline;\"><span class=\"s4\"> Ludwigslust<\/span><\/span><\/a>, <a href=\"https:\/\/en.wikipedia.org\/wiki\/Schwerin_Palace\" target=\"_blank\" rel=\"noopener\"><span style=\"text-decoration: underline;\"><span class=\"s4\">Schwerin<\/span><\/span><\/a>, <a href=\"https:\/\/en.wikipedia.org\/wiki\/Schloss_Bothmer\" target=\"_blank\" rel=\"noopener\"><span style=\"text-decoration: underline;\"><span class=\"s4\">Bothmer<\/span><\/span><\/a> and,<span class=\"Apple-converted-space\">\u00a0 <\/span>in a very impressive way, <a href=\"http:\/\/www.gutshaeuser.de\/en\/castles\/wiligrad_castle\" target=\"_blank\" rel=\"noopener\"><span style=\"text-decoration: underline;\"><span class=\"s4\">Wiligrad<\/span><\/span><\/a> have all been restored in the last few years. The <span class=\"s4\">Renaissance garden in <a href=\"https:\/\/en.wikipedia.org\/wiki\/G\u00fcstrow_Palace\" target=\"_blank\" rel=\"noopener\"><span style=\"text-decoration: underline;\">G\u00fcstrow<\/span><\/a><\/span> was restored as a monument of GDR history 10 years ago. <a href=\"https:\/\/en.wikipedia.org\/wiki\/Hohenzieritz\" target=\"_blank\" rel=\"noopener\"><span style=\"text-decoration: underline;\"><span class=\"s4\">Hohenzieritz<\/span><\/span><\/a>, one of the finest preserved English landscape gardens outside of England, created quite an &#8220;aha&#8221; effect, when it was restored in recent years after receiving a large financial input.<br \/>\nAt <a href=\"https:\/\/www.hs-nb.de\/en\/\" target=\"_blank\" rel=\"noopener\"><span style=\"text-decoration: underline;\">Neubrandenburg University<\/span><\/a> a half-professorship for garden art is currently occupied. This state now has more landscape architects qualifying in the field of <i>Gartendenkmalpflege <\/i>and they do excellent work. The <a href=\"https:\/\/translate.google.de\/translate?hl=en&amp;sl=de&amp;u=http:\/\/www.dggl.org\/&amp;prev=search\" target=\"_blank\" rel=\"noopener\"><span style=\"text-decoration: underline;\"><span class=\"s4\">DGGL<\/span><\/span><\/a> and the <a href=\"https:\/\/translate.google.de\/translate?hl=en&amp;sl=de&amp;tl=en&amp;u=http%3A%2F%2Fwww.stralsunder-akademie.de%2F\" target=\"_blank\" rel=\"noopener\"><span style=\"text-decoration: underline;\"><span class=\"s4\"><i>Stralsunder Akademie f\u00fcr Garten-und Landschaftskultur<\/i><\/span><\/span><\/a> organise conferences and training. Given the wealth of garden art, particularly the hundreds of Manor parks in Mecklenburg-Vorpommern, there are still many gardens that need to be preserved \u2013 a large task.<\/p>\n<blockquote>\n<p class=\"p2\">I have realised more and more that to hold the office of garden director, you first need many years of experience as a gardener.<\/p>\n<\/blockquote>\n<p class=\"p2\"><span class=\"s5\"><b>GB:<\/b><\/span><i> How did you approach your own private garden as a project? Were you inspired by historic sources such as those by Sckell, Meyer or <\/i><a href=\"https:\/\/en.wikipedia.org\/wiki\/Hermann,_F\u00fcrst_von_P\u00fcckler-Muskau\" target=\"_blank\" rel=\"noopener\"><span style=\"text-decoration: underline;\"><span class=\"s4\"><i>P\u00fcckler<\/i><\/span><\/span><\/a><i>?<\/i><\/p>\n<p><span class=\"s5\"><b>BM:<\/b><\/span> First I made sketches of the future garden, while I was still in Bad Homburg. I drew it roughly as I imagined it \u2013 with curved paths, nothing straight, a pond \u2013 it had to include water. At that time, there was still a blueprint institution in Luisenstra\u00dfe where I had this plan traced. And then I coloured it in and proudly drove to Usedom where I gradually started implementing it.<br \/>\nTo say my plans were inspired by Sckell and P\u00fcckler or Lenn\u00e9 is probably too pompous. I wanted the garden to develop into a landscape display with a specific terrain modelling, an observation hill from which you would look through a type of picture frame directing your gaze to the Gothen lake and, of course, I wanted water features in the form of two ponds and a short stream. I placed the <em>Carpinus<\/em> columnaris across this space to form a visual axis \u2013 not drawing objects in, but connecting the top part of the long, stretched-out garden to the bottom. I have learned a lot in my garden \u2013 when I was laying it out, planting new plants and as I have been caring for the plants. Even though I did study landscape gardening, this was quite a few years ago. I have realised more and more that to hold the office of garden director, you first need many years of experience as a gardener. Although in my time theory and practice had started interweaving in the palace administration. I can recall when we were working on Seligenstadt and found out it used to be a vegetable garden.<span class=\"Apple-converted-space\">\u00a0 <\/span>Nobody could really visualize this correctly, not even the master gardener <span class=\"s4\">Herr Krienke<\/span>. Then, during that time, we drove to <span class=\"s4\">Villandry<\/span>, where the owner took us on a tour. We stayed there for three days, speaking to their master gardener and suddenly Herr Krienke realised what a great opportunity this was. The Seligenstadt gardeners then started making company outings on their own initiative. The same applied to <span class=\"s4\">Herr Jagenteufel<\/span> in the Prinz-Georg garden or the <span class=\"s8\">F\u00fcrstenlager<\/span>. Here we also restored or reinstated incomparable gardens. All of this was only possible because of our brilliant staff members who were open to change.<\/p>\n<p class=\"p2\"><span class=\"s5\"><b>GB:<\/b><\/span><i> In other words, you had a good hand at recruiting personnel.<\/i><\/p>\n<p><span class=\"s5\"><b>BM:<\/b><\/span> I believe it is very important to recognize and acknowledge a person&#8217;s skills. Then you can achieve a lot. For example, I urgently needed a technical draughtsperson, but officially there was no position for one. At some point, I got a message from the personnel department about a technical draughtsman who was soon due to retire. He was a 63-year-old Romanian who had up to then drawn only lorries. I thought, well that&#8217;s better than nothing. He came to us and we sat him down in front of one of our garden plans that had to be redrawn. He stayed on with us for a few years, was enthusiastic and always worked meticulously.<span class=\"Apple-converted-space\">\u00a0<\/span>His plans are all in the garden division. We didn&#8217;t talk much, because he could hardly speak German. But we were satisfied and he was content. I also remember a very different example: A children&#8217;s birthday party. There was a boy who kept on griping and interrupting the other children who were playing.<span class=\"Apple-converted-space\">\u00a0<\/span>I went over and started spending some time talking to him.<span class=\"Apple-converted-space\">\u00a0 <\/span>As soon as he felt noticed, he changed and became well-behaved.<br \/>\nYou just need to feel noticed and appreciated.<\/p>\n<figure id=\"attachment_1220\" aria-describedby=\"caption-attachment-1220\" style=\"width: 640px\" class=\"wp-caption alignnone\"><img loading=\"lazy\" class=\"wp-image-1220 size-full\" src=\"https:\/\/gruenesblut.net\/wp-content\/uploads\/2017\/12\/dsc_0415.jpeg\" alt=\"\" width=\"640\" height=\"425\" \/><figcaption id=\"caption-attachment-1220\" class=\"wp-caption-text\">Dr. Modrow\u00b4s favourite view.<\/figcaption><\/figure>\n<p><span class=\"s5\"><b>GB:<\/b><\/span><i> Your favourite spot in the garden?<\/i><\/p>\n<p><span class=\"s5\"><b>BM:<\/b> <\/span> I am especially proud of the cobblestone wall I completed this year and of my &#8220;orangery&#8221;.<span class=\"Apple-converted-space\">\u00a0 <\/span>When they lifted the street in front of my house I acquired 8 tons of stones that I then stored for five years in my front garden. I found garden landscapers nearby who were proficient at the type of work I had in mind. The glass house, which serves as a winter hothouse, leans onto this wall. My &#8220;orangery&#8221;, where my citrus and other sensitive plants are housed during winter, is also a wonderful place to spend time in. From here you have the best view of the garden. If I were forced to move around in a wheelchair one day, I would love to sit here and I wouldn&#8217;t really need much else. There is also another spot with a very nice view over the meadows, but here your eyes are drawn outwards.<\/p>\n<p><span class=\"s5\"><b>GB:<\/b><\/span><i> Dr. Modrow. Let&#8217;s get down to business. Who is your favourite gardener?<\/i><\/p>\n<p><span class=\"s5\" style=\"font-size: 1em;\"><b>BM:<\/b> <\/span><span style=\"font-size: 1em;\">(Thinks for quite a while). I&#8217;m always swaying between Sckell and Lenn\u00e9&#8230;<\/span><\/p>\n<p><span class=\"s5\" style=\"font-size: 1em;\"><b>GB:<\/b><\/span><i style=\"font-size: 1em;\"> Which book has been important to you as a designer? And which book as a conservationist?<\/i><\/p>\n<p><span class=\"s5\"><b>BM:<\/b><\/span> <span class=\"s4\"><a href=\"https:\/\/www.biodiversitylibrary.org\/bibliography\/42482#\/summary\" target=\"_blank\" rel=\"noopener\"><span style=\"text-decoration: underline;\">&#8220;<em>Andeutungen \u00fcber die Landschaftsg\u00e4rtnerei<\/em>&#8220;<\/span><\/a> (Hints on landscape gardening) by P\u00fcckler<\/span> is very significant. He describes what paths should contain, how to lay out plantings and ponds, how to make waterfalls and path processions. Of course, I have also studied books by <a href=\"https:\/\/en.wikipedia.org\/wiki\/Dezallier_d%27Argenville\" target=\"_blank\" rel=\"noopener\"><span style=\"text-decoration: underline;\"><span class=\"s4\">Dezallier d\u2019Argenville<\/span><\/span><\/a>, Sckell, Meyer and many others. But I am fascinated by P\u00fcckler. If you go to Bad Muskau and walk through the park with these P\u00fcckler-inspired ideas in your head, there is a lot you can recognize.<br \/>\nMy son recently gave me a book by <a href=\"https:\/\/www.goodreads.com\/book\/show\/9459807-gardens-of-luciano-giubbilei\" target=\"_blank\" rel=\"noopener\"><span style=\"text-decoration: underline;\"><span class=\"s4\">Andrew Wilson<\/span><\/span><\/a> about the timeless modern gardens of <a href=\"http:\/\/www.lucianogiubbilei.com\/\" target=\"_blank\" rel=\"noopener\"><span style=\"text-decoration: underline;\"><span class=\"s4\">Luciano Giubbilei<\/span><\/span><\/a>. The gardens are very labour-intensive and you should take care that they don&#8217;t look too sterile. Basically, I like not only the clear forms, but also the &#8220;<a href=\"http:\/\/www.hortmag.com\/weekly-tips\/garden-design\/the_new_german_style\" target=\"_blank\" rel=\"noopener\"><span style=\"text-decoration: underline;\"><em>New German Style<\/em><\/span><\/a>&#8221; with perennials and grasses&#8230; wonderful!<\/p>\n<p><span class=\"s5\"><b>GB:<\/b><\/span><i> So, are you also interested in contemporary garden design?<\/i><\/p>\n<p><span class=\"s5\"><b>BM:<\/b> <\/span> I am only superficially involved with this. And I occasionally page through <i>garden design magazines. <\/i>Although I am puzzled as to why they call it garden design and not landscape architecture.<\/p>\n<figure id=\"attachment_1213\" aria-describedby=\"caption-attachment-1213\" style=\"width: 640px\" class=\"wp-caption alignnone\"><img loading=\"lazy\" class=\"wp-image-1213 size-full\" src=\"https:\/\/gruenesblut.net\/wp-content\/uploads\/2017\/12\/dsc_0399.jpeg\" alt=\"\" width=\"640\" height=\"425\" \/><figcaption id=\"caption-attachment-1213\" class=\"wp-caption-text\">A quite time next to three young mulberry trees.<\/figcaption><\/figure>\n<p>&nbsp;<\/p>\n<p><span class=\"s5\"><b>GB:<\/b> <\/span><i> Last question: What is your current favourite tool?<\/i><\/p>\n<p><span class=\"s5\"><b>BM:<\/b><\/span> Definitely my shears &#8230;. an axe should probably also feature&#8230;. but it&#8217;s quite difficult to get rid of something you planted.<\/p>\n<p><span class=\"s5\"><b>GB:<\/b><\/span><i> Really? I don&#8217;t find it difficult at all&#8230;<\/i><\/p>\n<p><span class=\"s5\"><b>BM:<\/b><\/span> This probably comes with age. When I was young, I very enthusiastically chopped down trees. When he grew older, Sckell said: &#8220;<em>Watch over me, oh worthy old trees<\/em>!&#8221; For example, these two pine trees in front of the wall. I found them eight years ago on the beach in Bansin when they were hanging from the cliff by a single root. I took them down that February and put them on the compost heap to replant them in the spring. I have many images in my mind of these trees growing here over the years.<\/p>\n<p><span class=\"s5\"><b>GB:<\/b> <\/span><i> Dear Dr. Modrow. It was lovely being here with you. Thank you so much for talking to me and for allowing me to spend a wonderful day with you on Usedom.<\/i><\/p>\n<p>&nbsp;<\/p>\n<hr \/>\n\n<p class=\"p4\">\n","protected":false},"excerpt":{"rendered":"<p>GR\u00dcNES BLUT met with the former Hessian Garden Director, Dr Bernd Modrow, in his garden on the island [&hellip;]<\/p>\n","protected":false},"author":1,"featured_media":1194,"comment_status":"open","ping_status":"open","sticky":false,"template":"","format":"standard","meta":[],"categories":[1],"tags":[],"yoast_head":"<!-- This site is optimized with the Yoast SEO plugin v18.1 - https:\/\/yoast.com\/wordpress\/plugins\/seo\/ -->\n<title>&quot;What I really love about gardens, is that you create something that keeps growing and developing.&quot; - GR\u00dcNES BLUT<\/title>\n<meta name=\"robots\" content=\"index, follow, max-snippet:-1, max-image-preview:large, max-video-preview:-1\" \/>\n<link rel=\"canonical\" href=\"https:\/\/gruenesblut.net\/en\/what-i-really-love-about-gardens-is-that-you-create-something-that-keeps-growing-and-developing\/\" \/>\n<meta property=\"og:locale\" content=\"en_US\" \/>\n<meta property=\"og:type\" content=\"article\" \/>\n<meta property=\"og:title\" content=\"&quot;What I really love about gardens, is that you create something that keeps growing and developing.&quot; - GR\u00dcNES BLUT\" \/>\n<meta property=\"og:description\" content=\"GR\u00dcNES BLUT met with the former Hessian Garden Director, Dr Bernd Modrow, in his garden on the island [&hellip;]\" \/>\n<meta property=\"og:url\" content=\"https:\/\/gruenesblut.net\/en\/what-i-really-love-about-gardens-is-that-you-create-something-that-keeps-growing-and-developing\/\" \/>\n<meta property=\"og:site_name\" content=\"GR\u00dcNES BLUT\" \/>\n<meta property=\"article:published_time\" content=\"2018-01-17T10:57:34+00:00\" \/>\n<meta property=\"article:modified_time\" content=\"2018-08-10T15:23:15+00:00\" \/>\n<meta property=\"og:image\" content=\"https:\/\/gruenesblut.net\/wp-content\/uploads\/2017\/12\/fullsizeoutput_5b74-121801103-1514388438590.jpeg\" \/>\n\t<meta property=\"og:image:width\" content=\"1729\" \/>\n\t<meta property=\"og:image:height\" content=\"1423\" \/>\n\t<meta property=\"og:image:type\" content=\"image\/jpeg\" \/>\n<meta name=\"twitter:card\" content=\"summary_large_image\" \/>\n<meta name=\"twitter:label1\" content=\"Written by\" \/>\n\t<meta name=\"twitter:data1\" content=\"aschmitz\" \/>\n\t<meta name=\"twitter:label2\" content=\"Est. reading time\" \/>\n\t<meta name=\"twitter:data2\" content=\"24 minutes\" \/>\n<script type=\"application\/ld+json\" class=\"yoast-schema-graph\">{\"@context\":\"https:\/\/schema.org\",\"@graph\":[{\"@type\":\"WebSite\",\"@id\":\"https:\/\/gruenesblut.net\/#website\",\"url\":\"https:\/\/gruenesblut.net\/\",\"name\":\"GR\u00dcNES BLUT\",\"description\":\"Garteninterviews\",\"potentialAction\":[{\"@type\":\"SearchAction\",\"target\":{\"@type\":\"EntryPoint\",\"urlTemplate\":\"https:\/\/gruenesblut.net\/?s={search_term_string}\"},\"query-input\":\"required name=search_term_string\"}],\"inLanguage\":\"en-US\"},{\"@type\":\"ImageObject\",\"@id\":\"https:\/\/gruenesblut.net\/en\/what-i-really-love-about-gardens-is-that-you-create-something-that-keeps-growing-and-developing\/#primaryimage\",\"inLanguage\":\"en-US\",\"url\":\"https:\/\/gruenesblut.net\/wp-content\/uploads\/2017\/12\/fullsizeoutput_5b74-121801103-1514388438590.jpeg\",\"contentUrl\":\"https:\/\/gruenesblut.net\/wp-content\/uploads\/2017\/12\/fullsizeoutput_5b74-121801103-1514388438590.jpeg\",\"width\":1729,\"height\":1423},{\"@type\":\"WebPage\",\"@id\":\"https:\/\/gruenesblut.net\/en\/what-i-really-love-about-gardens-is-that-you-create-something-that-keeps-growing-and-developing\/#webpage\",\"url\":\"https:\/\/gruenesblut.net\/en\/what-i-really-love-about-gardens-is-that-you-create-something-that-keeps-growing-and-developing\/\",\"name\":\"\\\"What I really love about gardens, is that you create something that keeps growing and developing.\\\" - GR\u00dcNES BLUT\",\"isPartOf\":{\"@id\":\"https:\/\/gruenesblut.net\/#website\"},\"primaryImageOfPage\":{\"@id\":\"https:\/\/gruenesblut.net\/en\/what-i-really-love-about-gardens-is-that-you-create-something-that-keeps-growing-and-developing\/#primaryimage\"},\"datePublished\":\"2018-01-17T10:57:34+00:00\",\"dateModified\":\"2018-08-10T15:23:15+00:00\",\"author\":{\"@id\":\"https:\/\/gruenesblut.net\/#\/schema\/person\/a311474a08b15045103c859d26aab67c\"},\"breadcrumb\":{\"@id\":\"https:\/\/gruenesblut.net\/en\/what-i-really-love-about-gardens-is-that-you-create-something-that-keeps-growing-and-developing\/#breadcrumb\"},\"inLanguage\":\"en-US\",\"potentialAction\":[{\"@type\":\"ReadAction\",\"target\":[\"https:\/\/gruenesblut.net\/en\/what-i-really-love-about-gardens-is-that-you-create-something-that-keeps-growing-and-developing\/\"]}]},{\"@type\":\"BreadcrumbList\",\"@id\":\"https:\/\/gruenesblut.net\/en\/what-i-really-love-about-gardens-is-that-you-create-something-that-keeps-growing-and-developing\/#breadcrumb\",\"itemListElement\":[{\"@type\":\"ListItem\",\"position\":1,\"name\":\"Startseite\",\"item\":\"https:\/\/gruenesblut.net\/\"},{\"@type\":\"ListItem\",\"position\":2,\"name\":\"&#8220;What I really love about gardens, is that you create something that keeps growing and developing.&#8221;\"}]},{\"@type\":\"Person\",\"@id\":\"https:\/\/gruenesblut.net\/#\/schema\/person\/a311474a08b15045103c859d26aab67c\",\"name\":\"aschmitz\",\"image\":{\"@type\":\"ImageObject\",\"@id\":\"https:\/\/gruenesblut.net\/#personlogo\",\"inLanguage\":\"en-US\",\"url\":\"https:\/\/secure.gravatar.com\/avatar\/8b269df664a842a812b7b7584ebd8bad?s=96&d=identicon&r=g\",\"contentUrl\":\"https:\/\/secure.gravatar.com\/avatar\/8b269df664a842a812b7b7584ebd8bad?s=96&d=identicon&r=g\",\"caption\":\"aschmitz\"},\"url\":\"https:\/\/gruenesblut.net\/en\/author\/aschmitz\/\"}]}<\/script>\n<!-- \/ Yoast SEO plugin. -->","yoast_head_json":{"title":"\"What I really love about gardens, is that you create something that keeps growing and developing.\" - GR\u00dcNES BLUT","robots":{"index":"index","follow":"follow","max-snippet":"max-snippet:-1","max-image-preview":"max-image-preview:large","max-video-preview":"max-video-preview:-1"},"canonical":"https:\/\/gruenesblut.net\/en\/what-i-really-love-about-gardens-is-that-you-create-something-that-keeps-growing-and-developing\/","og_locale":"en_US","og_type":"article","og_title":"\"What I really love about gardens, is that you create something that keeps growing and developing.\" - GR\u00dcNES BLUT","og_description":"GR\u00dcNES BLUT met with the former Hessian Garden Director, Dr Bernd Modrow, in his garden on the island [&hellip;]","og_url":"https:\/\/gruenesblut.net\/en\/what-i-really-love-about-gardens-is-that-you-create-something-that-keeps-growing-and-developing\/","og_site_name":"GR\u00dcNES BLUT","article_published_time":"2018-01-17T10:57:34+00:00","article_modified_time":"2018-08-10T15:23:15+00:00","og_image":[{"width":1729,"height":1423,"url":"https:\/\/gruenesblut.net\/wp-content\/uploads\/2017\/12\/fullsizeoutput_5b74-121801103-1514388438590.jpeg","type":"image\/jpeg"}],"twitter_card":"summary_large_image","twitter_misc":{"Written by":"aschmitz","Est. reading time":"24 minutes"},"schema":{"@context":"https:\/\/schema.org","@graph":[{"@type":"WebSite","@id":"https:\/\/gruenesblut.net\/#website","url":"https:\/\/gruenesblut.net\/","name":"GR\u00dcNES BLUT","description":"Garteninterviews","potentialAction":[{"@type":"SearchAction","target":{"@type":"EntryPoint","urlTemplate":"https:\/\/gruenesblut.net\/?s={search_term_string}"},"query-input":"required name=search_term_string"}],"inLanguage":"en-US"},{"@type":"ImageObject","@id":"https:\/\/gruenesblut.net\/en\/what-i-really-love-about-gardens-is-that-you-create-something-that-keeps-growing-and-developing\/#primaryimage","inLanguage":"en-US","url":"https:\/\/gruenesblut.net\/wp-content\/uploads\/2017\/12\/fullsizeoutput_5b74-121801103-1514388438590.jpeg","contentUrl":"https:\/\/gruenesblut.net\/wp-content\/uploads\/2017\/12\/fullsizeoutput_5b74-121801103-1514388438590.jpeg","width":1729,"height":1423},{"@type":"WebPage","@id":"https:\/\/gruenesblut.net\/en\/what-i-really-love-about-gardens-is-that-you-create-something-that-keeps-growing-and-developing\/#webpage","url":"https:\/\/gruenesblut.net\/en\/what-i-really-love-about-gardens-is-that-you-create-something-that-keeps-growing-and-developing\/","name":"\"What I really love about gardens, is that you create something that keeps growing and developing.\" - GR\u00dcNES BLUT","isPartOf":{"@id":"https:\/\/gruenesblut.net\/#website"},"primaryImageOfPage":{"@id":"https:\/\/gruenesblut.net\/en\/what-i-really-love-about-gardens-is-that-you-create-something-that-keeps-growing-and-developing\/#primaryimage"},"datePublished":"2018-01-17T10:57:34+00:00","dateModified":"2018-08-10T15:23:15+00:00","author":{"@id":"https:\/\/gruenesblut.net\/#\/schema\/person\/a311474a08b15045103c859d26aab67c"},"breadcrumb":{"@id":"https:\/\/gruenesblut.net\/en\/what-i-really-love-about-gardens-is-that-you-create-something-that-keeps-growing-and-developing\/#breadcrumb"},"inLanguage":"en-US","potentialAction":[{"@type":"ReadAction","target":["https:\/\/gruenesblut.net\/en\/what-i-really-love-about-gardens-is-that-you-create-something-that-keeps-growing-and-developing\/"]}]},{"@type":"BreadcrumbList","@id":"https:\/\/gruenesblut.net\/en\/what-i-really-love-about-gardens-is-that-you-create-something-that-keeps-growing-and-developing\/#breadcrumb","itemListElement":[{"@type":"ListItem","position":1,"name":"Startseite","item":"https:\/\/gruenesblut.net\/"},{"@type":"ListItem","position":2,"name":"&#8220;What I really love about gardens, is that you create something that keeps growing and developing.&#8221;"}]},{"@type":"Person","@id":"https:\/\/gruenesblut.net\/#\/schema\/person\/a311474a08b15045103c859d26aab67c","name":"aschmitz","image":{"@type":"ImageObject","@id":"https:\/\/gruenesblut.net\/#personlogo","inLanguage":"en-US","url":"https:\/\/secure.gravatar.com\/avatar\/8b269df664a842a812b7b7584ebd8bad?s=96&d=identicon&r=g","contentUrl":"https:\/\/secure.gravatar.com\/avatar\/8b269df664a842a812b7b7584ebd8bad?s=96&d=identicon&r=g","caption":"aschmitz"},"url":"https:\/\/gruenesblut.net\/en\/author\/aschmitz\/"}]}},"post_mailing_queue_ids":[],"_links":{"self":[{"href":"https:\/\/gruenesblut.net\/en\/wp-json\/wp\/v2\/posts\/1190\/"}],"collection":[{"href":"https:\/\/gruenesblut.net\/en\/wp-json\/wp\/v2\/posts\/"}],"about":[{"href":"https:\/\/gruenesblut.net\/en\/wp-json\/wp\/v2\/types\/post\/"}],"author":[{"embeddable":true,"href":"https:\/\/gruenesblut.net\/en\/wp-json\/wp\/v2\/users\/1\/"}],"replies":[{"embeddable":true,"href":"https:\/\/gruenesblut.net\/en\/wp-json\/wp\/v2\/comments\/?post=1190"}],"version-history":[{"count":1,"href":"https:\/\/gruenesblut.net\/en\/wp-json\/wp\/v2\/posts\/1190\/revisions\/"}],"predecessor-version":[{"id":1670,"href":"https:\/\/gruenesblut.net\/en\/wp-json\/wp\/v2\/posts\/1190\/revisions\/1670\/"}],"wp:featuredmedia":[{"embeddable":true,"href":"https:\/\/gruenesblut.net\/en\/wp-json\/wp\/v2\/media\/1194\/"}],"wp:attachment":[{"href":"https:\/\/gruenesblut.net\/en\/wp-json\/wp\/v2\/media\/?parent=1190"}],"wp:term":[{"taxonomy":"category","embeddable":true,"href":"https:\/\/gruenesblut.net\/en\/wp-json\/wp\/v2\/categories\/?post=1190"},{"taxonomy":"post_tag","embeddable":true,"href":"https:\/\/gruenesblut.net\/en\/wp-json\/wp\/v2\/tags\/?post=1190"}],"curies":[{"name":"wp","href":"https:\/\/api.w.org\/{rel}","templated":true}]}}